{"id":66297,"date":"2025-11-13T11:45:45","date_gmt":"2025-11-13T09:45:45","guid":{"rendered":"https:\/\/icom.museum\/?post_type=news&#038;p=66297"},"modified":"2025-11-13T11:45:45","modified_gmt":"2025-11-13T09:45:45","slug":"comienza-icom-dubai-2025","status":"publish","type":"news","link":"https:\/\/icom.museum\/es\/news\/comienza-icom-dubai-2025\/","title":{"rendered":"\u00a1Comienza ICOM Dub\u00e1i 2025!"},"template":"","meta":{"inline_featured_image":false},"class_list":["post-66297","news","type-news","status-publish","hentry"],"acf":[],"yoast_head":"<!-- This site is optimized with the Yoast SEO plugin v23.7 - https:\/\/yoast.com\/wordpress\/plugins\/seo\/ -->\n<title>\u00a1Comienza ICOM Dub\u00e1i 2025! - International Council of Museums<\/title>\n<meta name=\"description\" content=\"Profesionales de museos y l\u00edderes culturales de todo el mundo se re\u00fanen en Dub\u00e1i, Emiratos \u00c1rabes Unidos, para el evento m\u00e1s importante de la comunidad muse\u00edstica internacional. Esta es la primera vez que la Conferencia General de ICOM se celebra en la regi\u00f3n de Medio Oriente, \u00c1frica y Asia del Sur (MEASA).\" \/>\n<meta name=\"robots\" content=\"index, follow, max-snippet:-1, max-image-preview:large, max-video-preview:-1\" \/>\n<link rel=\"canonical\" href=\"https:\/\/icom.museum\/es\/news\/comienza-icom-dubai-2025\/\" \/>\n<meta property=\"og:locale\" content=\"es_ES\" \/>\n<meta property=\"og:type\" content=\"article\" \/>\n<meta property=\"og:title\" content=\"\u00a1Comienza ICOM Dub\u00e1i 2025! - International Council of Museums\" \/>\n<meta property=\"og:description\" content=\"Profesionales de museos y l\u00edderes culturales de todo el mundo se re\u00fanen en Dub\u00e1i, Emiratos \u00c1rabes Unidos, para el evento m\u00e1s importante de la comunidad muse\u00edstica internacional. Esta es la primera vez que la Conferencia General de ICOM se celebra en la regi\u00f3n de Medio Oriente, \u00c1frica y Asia del Sur (MEASA).\" \/>\n<meta property=\"og:url\" content=\"https:\/\/icom.museum\/es\/news\/comienza-icom-dubai-2025\/\" \/>\n<meta property=\"og:site_name\" content=\"International Council of Museums\" \/>\n<meta name=\"twitter:card\" content=\"summary_large_image\" \/>\n<script type=\"application\/ld+json\" class=\"yoast-schema-graph\">{\"@context\":\"https:\/\/schema.org\",\"@graph\":[{\"@type\":\"WebPage\",\"@id\":\"https:\/\/icom.museum\/es\/news\/comienza-icom-dubai-2025\/\",\"url\":\"https:\/\/icom.museum\/es\/news\/comienza-icom-dubai-2025\/\",\"name\":\"\u00a1Comienza ICOM Dub\u00e1i 2025! - International Council of Museums\",\"isPartOf\":{\"@id\":\"https:\/\/icom.museum\/en\/#website\"},\"datePublished\":\"2025-11-13T09:45:45+00:00\",\"dateModified\":\"2025-11-13T09:45:45+00:00\",\"description\":\"Profesionales de museos y l\u00edderes culturales de todo el mundo se re\u00fanen en Dub\u00e1i, Emiratos \u00c1rabes Unidos, para el evento m\u00e1s importante de la comunidad muse\u00edstica internacional. Esta es la primera vez que la Conferencia General de ICOM se celebra en la regi\u00f3n de Medio Oriente, \u00c1frica y Asia del Sur (MEASA).\",\"breadcrumb\":{\"@id\":\"https:\/\/icom.museum\/es\/news\/comienza-icom-dubai-2025\/#breadcrumb\"},\"inLanguage\":\"es\",\"potentialAction\":[{\"@type\":\"ReadAction\",\"target\":[\"https:\/\/icom.museum\/es\/news\/comienza-icom-dubai-2025\/\"]}]},{\"@type\":\"BreadcrumbList\",\"@id\":\"https:\/\/icom.museum\/es\/news\/comienza-icom-dubai-2025\/#breadcrumb\",\"itemListElement\":[{\"@type\":\"ListItem\",\"position\":1,\"name\":\"Home\",\"item\":\"https:\/\/icom.museum\/es\/\"},{\"@type\":\"ListItem\",\"position\":2,\"name\":\"\u00a1Comienza ICOM Dub\u00e1i 2025!\"}]},{\"@type\":\"WebSite\",\"@id\":\"https:\/\/icom.museum\/en\/#website\",\"url\":\"https:\/\/icom.museum\/en\/\",\"name\":\"International Council of Museums\",\"description\":\"A global organisation of museums &amp; museum professionals committed to the promotion and protection of cultural heritage\",\"publisher\":{\"@id\":\"https:\/\/icom.museum\/en\/#organization\"},\"potentialAction\":[{\"@type\":\"SearchAction\",\"target\":{\"@type\":\"EntryPoint\",\"urlTemplate\":\"https:\/\/icom.museum\/en\/?s={search_term_string}\"},\"query-input\":{\"@type\":\"PropertyValueSpecification\",\"valueRequired\":true,\"valueName\":\"search_term_string\"}}],\"inLanguage\":\"es\"},{\"@type\":\"Organization\",\"@id\":\"https:\/\/icom.museum\/en\/#organization\",\"name\":\"International Council of Museums\",\"url\":\"https:\/\/icom.museum\/en\/\",\"logo\":{\"@type\":\"ImageObject\",\"inLanguage\":\"es\",\"@id\":\"https:\/\/icom.museum\/en\/#\/schema\/logo\/image\/\",\"url\":\"https:\/\/icom.museum\/wp-content\/uploads\/2018\/07\/ICOM_M_.jpg\",\"contentUrl\":\"https:\/\/icom.museum\/wp-content\/uploads\/2018\/07\/ICOM_M_.jpg\",\"width\":1721,\"height\":1721,\"caption\":\"International Council of Museums\"},\"image\":{\"@id\":\"https:\/\/icom.museum\/en\/#\/schema\/logo\/image\/\"}}]}<\/script>\n<!-- \/ Yoast SEO plugin. -->","yoast_head_json":{"title":"\u00a1Comienza ICOM Dub\u00e1i 2025! - International Council of Museums","description":"Profesionales de museos y l\u00edderes culturales de todo el mundo se re\u00fanen en Dub\u00e1i, Emiratos \u00c1rabes Unidos, para el evento m\u00e1s importante de la comunidad muse\u00edstica internacional. Esta es la primera vez que la Conferencia General de ICOM se celebra en la regi\u00f3n de Medio Oriente, \u00c1frica y Asia del Sur (MEASA).","robots":{"index":"index","follow":"follow","max-snippet":"max-snippet:-1","max-image-preview":"max-image-preview:large","max-video-preview":"max-video-preview:-1"},"canonical":"https:\/\/icom.museum\/es\/news\/comienza-icom-dubai-2025\/","og_locale":"es_ES","og_type":"article","og_title":"\u00a1Comienza ICOM Dub\u00e1i 2025! - International Council of Museums","og_description":"Profesionales de museos y l\u00edderes culturales de todo el mundo se re\u00fanen en Dub\u00e1i, Emiratos \u00c1rabes Unidos, para el evento m\u00e1s importante de la comunidad muse\u00edstica internacional. Esta es la primera vez que la Conferencia General de ICOM se celebra en la regi\u00f3n de Medio Oriente, \u00c1frica y Asia del Sur (MEASA).","og_url":"https:\/\/icom.museum\/es\/news\/comienza-icom-dubai-2025\/","og_site_name":"International Council of Museums","twitter_card":"summary_large_image","schema":{"@context":"https:\/\/schema.org","@graph":[{"@type":"WebPage","@id":"https:\/\/icom.museum\/es\/news\/comienza-icom-dubai-2025\/","url":"https:\/\/icom.museum\/es\/news\/comienza-icom-dubai-2025\/","name":"\u00a1Comienza ICOM Dub\u00e1i 2025! - International Council of Museums","isPartOf":{"@id":"https:\/\/icom.museum\/en\/#website"},"datePublished":"2025-11-13T09:45:45+00:00","dateModified":"2025-11-13T09:45:45+00:00","description":"Profesionales de museos y l\u00edderes culturales de todo el mundo se re\u00fanen en Dub\u00e1i, Emiratos \u00c1rabes Unidos, para el evento m\u00e1s importante de la comunidad muse\u00edstica internacional. Esta es la primera vez que la Conferencia General de ICOM se celebra en la regi\u00f3n de Medio Oriente, \u00c1frica y Asia del Sur (MEASA).","breadcrumb":{"@id":"https:\/\/icom.museum\/es\/news\/comienza-icom-dubai-2025\/#breadcrumb"},"inLanguage":"es","potentialAction":[{"@type":"ReadAction","target":["https:\/\/icom.museum\/es\/news\/comienza-icom-dubai-2025\/"]}]},{"@type":"BreadcrumbList","@id":"https:\/\/icom.museum\/es\/news\/comienza-icom-dubai-2025\/#breadcrumb","itemListElement":[{"@type":"ListItem","position":1,"name":"Home","item":"https:\/\/icom.museum\/es\/"},{"@type":"ListItem","position":2,"name":"\u00a1Comienza ICOM Dub\u00e1i 2025!"}]},{"@type":"WebSite","@id":"https:\/\/icom.museum\/en\/#website","url":"https:\/\/icom.museum\/en\/","name":"International Council of Museums","description":"A global organisation of museums &amp; museum professionals committed to the promotion and protection of cultural heritage","publisher":{"@id":"https:\/\/icom.museum\/en\/#organization"},"potentialAction":[{"@type":"SearchAction","target":{"@type":"EntryPoint","urlTemplate":"https:\/\/icom.museum\/en\/?s={search_term_string}"},"query-input":{"@type":"PropertyValueSpecification","valueRequired":true,"valueName":"search_term_string"}}],"inLanguage":"es"},{"@type":"Organization","@id":"https:\/\/icom.museum\/en\/#organization","name":"International Council of Museums","url":"https:\/\/icom.museum\/en\/","logo":{"@type":"ImageObject","inLanguage":"es","@id":"https:\/\/icom.museum\/en\/#\/schema\/logo\/image\/","url":"https:\/\/icom.museum\/wp-content\/uploads\/2018\/07\/ICOM_M_.jpg","contentUrl":"https:\/\/icom.museum\/wp-content\/uploads\/2018\/07\/ICOM_M_.jpg","width":1721,"height":1721,"caption":"International Council of Museums"},"image":{"@id":"https:\/\/icom.museum\/en\/#\/schema\/logo\/image\/"}}]}},"_links":{"self":[{"href":"https:\/\/icom.museum\/es\/wp-json\/wp\/v2\/news\/66297"}],"collection":[{"href":"https:\/\/icom.museum\/es\/wp-json\/wp\/v2\/news"}],"about":[{"href":"https:\/\/icom.museum\/es\/wp-json\/wp\/v2\/types\/news"}],"wp:attachment":[{"href":"https:\/\/icom.museum\/es\/wp-json\/wp\/v2\/media?parent=66297"}],"curies":[{"name":"wp","href":"https:\/\/api.w.org\/{rel}","templated":true}]}}