{"id":59440,"date":"2024-07-29T17:09:45","date_gmt":"2024-07-29T15:09:45","guid":{"rendered":"https:\/\/icom.museum\/?post_type=news&#038;p=59440"},"modified":"2024-07-29T17:09:45","modified_gmt":"2024-07-29T15:09:45","slug":"la-mise-en-place-de-laccessibilite-universelle-dans-les-musees-dandorre-sommes-nous-sur-la-bonne-voie","status":"publish","type":"news","link":"https:\/\/icom.museum\/fr\/news\/la-mise-en-place-de-laccessibilite-universelle-dans-les-musees-dandorre-sommes-nous-sur-la-bonne-voie\/","title":{"rendered":"La mise en place de l\u2019accessibilit\u00e9 universelle dans les mus\u00e9es d\u2019Andorre : sommes-nous sur la bonne voie ?"},"template":"","meta":{"inline_featured_image":false},"class_list":["post-59440","news","type-news","status-publish","hentry"],"acf":[],"yoast_head":"<!-- This site is optimized with the Yoast SEO plugin v23.7 - https:\/\/yoast.com\/wordpress\/plugins\/seo\/ -->\n<title>La mise en place de l\u2019accessibilit\u00e9 universelle dans les mus\u00e9es d\u2019Andorre : sommes-nous sur la bonne voie ? - International Council of Museums<\/title>\n<meta name=\"description\" content=\"L\u2019objectif de la recherche \u00e9tait d&#039;\u00e9tudier et d&#039;analyser l&#039;\u00e9tat de l&#039;accessibilit\u00e9 universelle (physique, sensorielle et cognitive) de deux espaces culturels en partant de l&#039;exp\u00e9rience d&#039;une visite familiale d&#039;un enfant atteint d&#039;une maladie rare\" \/>\n<meta name=\"robots\" content=\"index, follow, max-snippet:-1, max-image-preview:large, max-video-preview:-1\" \/>\n<link rel=\"canonical\" href=\"https:\/\/icom.museum\/fr\/news\/la-mise-en-place-de-laccessibilite-universelle-dans-les-musees-dandorre-sommes-nous-sur-la-bonne-voie\/\" \/>\n<meta property=\"og:locale\" content=\"fr_FR\" \/>\n<meta property=\"og:type\" content=\"article\" \/>\n<meta property=\"og:title\" content=\"La mise en place de l\u2019accessibilit\u00e9 universelle dans les mus\u00e9es d\u2019Andorre : sommes-nous sur la bonne voie ? - International Council of Museums\" \/>\n<meta property=\"og:description\" content=\"L\u2019objectif de la recherche \u00e9tait d&#039;\u00e9tudier et d&#039;analyser l&#039;\u00e9tat de l&#039;accessibilit\u00e9 universelle (physique, sensorielle et cognitive) de deux espaces culturels en partant de l&#039;exp\u00e9rience d&#039;une visite familiale d&#039;un enfant atteint d&#039;une maladie rare\" \/>\n<meta property=\"og:url\" content=\"https:\/\/icom.museum\/fr\/news\/la-mise-en-place-de-laccessibilite-universelle-dans-les-musees-dandorre-sommes-nous-sur-la-bonne-voie\/\" \/>\n<meta property=\"og:site_name\" content=\"International Council of Museums\" \/>\n<meta name=\"twitter:card\" content=\"summary_large_image\" \/>\n<script type=\"application\/ld+json\" class=\"yoast-schema-graph\">{\"@context\":\"https:\/\/schema.org\",\"@graph\":[{\"@type\":\"WebPage\",\"@id\":\"https:\/\/icom.museum\/fr\/news\/la-mise-en-place-de-laccessibilite-universelle-dans-les-musees-dandorre-sommes-nous-sur-la-bonne-voie\/\",\"url\":\"https:\/\/icom.museum\/fr\/news\/la-mise-en-place-de-laccessibilite-universelle-dans-les-musees-dandorre-sommes-nous-sur-la-bonne-voie\/\",\"name\":\"La mise en place de l\u2019accessibilit\u00e9 universelle dans les mus\u00e9es d\u2019Andorre : sommes-nous sur la bonne voie ? - International Council of Museums\",\"isPartOf\":{\"@id\":\"https:\/\/icom.museum\/en\/#website\"},\"datePublished\":\"2024-07-29T15:09:45+00:00\",\"dateModified\":\"2024-07-29T15:09:45+00:00\",\"description\":\"L\u2019objectif de la recherche \u00e9tait d'\u00e9tudier et d'analyser l'\u00e9tat de l'accessibilit\u00e9 universelle (physique, sensorielle et cognitive) de deux espaces culturels en partant de l'exp\u00e9rience d'une visite familiale d'un enfant atteint d'une maladie rare\",\"breadcrumb\":{\"@id\":\"https:\/\/icom.museum\/fr\/news\/la-mise-en-place-de-laccessibilite-universelle-dans-les-musees-dandorre-sommes-nous-sur-la-bonne-voie\/#breadcrumb\"},\"inLanguage\":\"fr-FR\",\"potentialAction\":[{\"@type\":\"ReadAction\",\"target\":[\"https:\/\/icom.museum\/fr\/news\/la-mise-en-place-de-laccessibilite-universelle-dans-les-musees-dandorre-sommes-nous-sur-la-bonne-voie\/\"]}]},{\"@type\":\"BreadcrumbList\",\"@id\":\"https:\/\/icom.museum\/fr\/news\/la-mise-en-place-de-laccessibilite-universelle-dans-les-musees-dandorre-sommes-nous-sur-la-bonne-voie\/#breadcrumb\",\"itemListElement\":[{\"@type\":\"ListItem\",\"position\":1,\"name\":\"Home\",\"item\":\"https:\/\/icom.museum\/fr\/\"},{\"@type\":\"ListItem\",\"position\":2,\"name\":\"La mise en place de l\u2019accessibilit\u00e9 universelle dans les mus\u00e9es d\u2019Andorre : sommes-nous sur la bonne voie ?\"}]},{\"@type\":\"WebSite\",\"@id\":\"https:\/\/icom.museum\/en\/#website\",\"url\":\"https:\/\/icom.museum\/en\/\",\"name\":\"International Council of Museums\",\"description\":\"A global organisation of museums &amp; museum professionals committed to the promotion and protection of cultural heritage\",\"publisher\":{\"@id\":\"https:\/\/icom.museum\/en\/#organization\"},\"potentialAction\":[{\"@type\":\"SearchAction\",\"target\":{\"@type\":\"EntryPoint\",\"urlTemplate\":\"https:\/\/icom.museum\/en\/?s={search_term_string}\"},\"query-input\":{\"@type\":\"PropertyValueSpecification\",\"valueRequired\":true,\"valueName\":\"search_term_string\"}}],\"inLanguage\":\"fr-FR\"},{\"@type\":\"Organization\",\"@id\":\"https:\/\/icom.museum\/en\/#organization\",\"name\":\"International Council of Museums\",\"url\":\"https:\/\/icom.museum\/en\/\",\"logo\":{\"@type\":\"ImageObject\",\"inLanguage\":\"fr-FR\",\"@id\":\"https:\/\/icom.museum\/en\/#\/schema\/logo\/image\/\",\"url\":\"https:\/\/icom.museum\/wp-content\/uploads\/2018\/07\/ICOM_M_.jpg\",\"contentUrl\":\"https:\/\/icom.museum\/wp-content\/uploads\/2018\/07\/ICOM_M_.jpg\",\"width\":1721,\"height\":1721,\"caption\":\"International Council of Museums\"},\"image\":{\"@id\":\"https:\/\/icom.museum\/en\/#\/schema\/logo\/image\/\"}}]}<\/script>\n<!-- \/ Yoast SEO plugin. -->","yoast_head_json":{"title":"La mise en place de l\u2019accessibilit\u00e9 universelle dans les mus\u00e9es d\u2019Andorre : sommes-nous sur la bonne voie ? - International Council of Museums","description":"L\u2019objectif de la recherche \u00e9tait d'\u00e9tudier et d'analyser l'\u00e9tat de l'accessibilit\u00e9 universelle (physique, sensorielle et cognitive) de deux espaces culturels en partant de l'exp\u00e9rience d'une visite familiale d'un enfant atteint d'une maladie rare","robots":{"index":"index","follow":"follow","max-snippet":"max-snippet:-1","max-image-preview":"max-image-preview:large","max-video-preview":"max-video-preview:-1"},"canonical":"https:\/\/icom.museum\/fr\/news\/la-mise-en-place-de-laccessibilite-universelle-dans-les-musees-dandorre-sommes-nous-sur-la-bonne-voie\/","og_locale":"fr_FR","og_type":"article","og_title":"La mise en place de l\u2019accessibilit\u00e9 universelle dans les mus\u00e9es d\u2019Andorre : sommes-nous sur la bonne voie ? - International Council of Museums","og_description":"L\u2019objectif de la recherche \u00e9tait d'\u00e9tudier et d'analyser l'\u00e9tat de l'accessibilit\u00e9 universelle (physique, sensorielle et cognitive) de deux espaces culturels en partant de l'exp\u00e9rience d'une visite familiale d'un enfant atteint d'une maladie rare","og_url":"https:\/\/icom.museum\/fr\/news\/la-mise-en-place-de-laccessibilite-universelle-dans-les-musees-dandorre-sommes-nous-sur-la-bonne-voie\/","og_site_name":"International Council of Museums","twitter_card":"summary_large_image","schema":{"@context":"https:\/\/schema.org","@graph":[{"@type":"WebPage","@id":"https:\/\/icom.museum\/fr\/news\/la-mise-en-place-de-laccessibilite-universelle-dans-les-musees-dandorre-sommes-nous-sur-la-bonne-voie\/","url":"https:\/\/icom.museum\/fr\/news\/la-mise-en-place-de-laccessibilite-universelle-dans-les-musees-dandorre-sommes-nous-sur-la-bonne-voie\/","name":"La mise en place de l\u2019accessibilit\u00e9 universelle dans les mus\u00e9es d\u2019Andorre : sommes-nous sur la bonne voie ? - International Council of Museums","isPartOf":{"@id":"https:\/\/icom.museum\/en\/#website"},"datePublished":"2024-07-29T15:09:45+00:00","dateModified":"2024-07-29T15:09:45+00:00","description":"L\u2019objectif de la recherche \u00e9tait d'\u00e9tudier et d'analyser l'\u00e9tat de l'accessibilit\u00e9 universelle (physique, sensorielle et cognitive) de deux espaces culturels en partant de l'exp\u00e9rience d'une visite familiale d'un enfant atteint d'une maladie rare","breadcrumb":{"@id":"https:\/\/icom.museum\/fr\/news\/la-mise-en-place-de-laccessibilite-universelle-dans-les-musees-dandorre-sommes-nous-sur-la-bonne-voie\/#breadcrumb"},"inLanguage":"fr-FR","potentialAction":[{"@type":"ReadAction","target":["https:\/\/icom.museum\/fr\/news\/la-mise-en-place-de-laccessibilite-universelle-dans-les-musees-dandorre-sommes-nous-sur-la-bonne-voie\/"]}]},{"@type":"BreadcrumbList","@id":"https:\/\/icom.museum\/fr\/news\/la-mise-en-place-de-laccessibilite-universelle-dans-les-musees-dandorre-sommes-nous-sur-la-bonne-voie\/#breadcrumb","itemListElement":[{"@type":"ListItem","position":1,"name":"Home","item":"https:\/\/icom.museum\/fr\/"},{"@type":"ListItem","position":2,"name":"La mise en place de l\u2019accessibilit\u00e9 universelle dans les mus\u00e9es d\u2019Andorre : sommes-nous sur la bonne voie ?"}]},{"@type":"WebSite","@id":"https:\/\/icom.museum\/en\/#website","url":"https:\/\/icom.museum\/en\/","name":"International Council of Museums","description":"A global organisation of museums &amp; museum professionals committed to the promotion and protection of cultural heritage","publisher":{"@id":"https:\/\/icom.museum\/en\/#organization"},"potentialAction":[{"@type":"SearchAction","target":{"@type":"EntryPoint","urlTemplate":"https:\/\/icom.museum\/en\/?s={search_term_string}"},"query-input":{"@type":"PropertyValueSpecification","valueRequired":true,"valueName":"search_term_string"}}],"inLanguage":"fr-FR"},{"@type":"Organization","@id":"https:\/\/icom.museum\/en\/#organization","name":"International Council of Museums","url":"https:\/\/icom.museum\/en\/","logo":{"@type":"ImageObject","inLanguage":"fr-FR","@id":"https:\/\/icom.museum\/en\/#\/schema\/logo\/image\/","url":"https:\/\/icom.museum\/wp-content\/uploads\/2018\/07\/ICOM_M_.jpg","contentUrl":"https:\/\/icom.museum\/wp-content\/uploads\/2018\/07\/ICOM_M_.jpg","width":1721,"height":1721,"caption":"International Council of Museums"},"image":{"@id":"https:\/\/icom.museum\/en\/#\/schema\/logo\/image\/"}}]}},"_links":{"self":[{"href":"https:\/\/icom.museum\/fr\/wp-json\/wp\/v2\/news\/59440"}],"collection":[{"href":"https:\/\/icom.museum\/fr\/wp-json\/wp\/v2\/news"}],"about":[{"href":"https:\/\/icom.museum\/fr\/wp-json\/wp\/v2\/types\/news"}],"wp:attachment":[{"href":"https:\/\/icom.museum\/fr\/wp-json\/wp\/v2\/media?parent=59440"}],"curies":[{"name":"wp","href":"https:\/\/api.w.org\/{rel}","templated":true}]}}