{"id":66296,"date":"2025-11-13T11:20:31","date_gmt":"2025-11-13T09:20:31","guid":{"rendered":"https:\/\/icom.museum\/?post_type=news&#038;p=66296"},"modified":"2025-11-13T11:29:09","modified_gmt":"2025-11-13T09:29:09","slug":"la-conference-icom-dubai-2025-a-ete-lancee","status":"publish","type":"news","link":"https:\/\/icom.museum\/fr\/news\/la-conference-icom-dubai-2025-a-ete-lancee\/","title":{"rendered":"La conf\u00e9rence ICOM Duba\u00ef 2025 a \u00e9t\u00e9 lanc\u00e9e !"},"template":"","meta":{"inline_featured_image":false},"class_list":["post-66296","news","type-news","status-publish","hentry"],"acf":[],"yoast_head":"<!-- This site is optimized with the Yoast SEO plugin v23.7 - https:\/\/yoast.com\/wordpress\/plugins\/seo\/ -->\n<title>La conf\u00e9rence ICOM Duba\u00ef 2025 a \u00e9t\u00e9 lanc\u00e9e ! - International Council of Museums<\/title>\n<meta name=\"description\" content=\"Des professionnels des mus\u00e9es et des leaders culturels du monde entier se r\u00e9unissent \u00e0 Duba\u00ef, \u00c9mirats arabes unis, pour l\u2019\u00e9v\u00e9nement le plus important de la communaut\u00e9 mus\u00e9ale internationale. C\u2019est la premi\u00e8re fois que la Conf\u00e9rence g\u00e9n\u00e9rale de l\u2019ICOM se tient dans la r\u00e9gion Moyen-Orient, Afrique et Asie du Sud (MEASA).\" \/>\n<meta name=\"robots\" content=\"index, follow, max-snippet:-1, max-image-preview:large, max-video-preview:-1\" \/>\n<link rel=\"canonical\" href=\"https:\/\/icom.museum\/fr\/news\/la-conference-icom-dubai-2025-a-ete-lancee\/\" \/>\n<meta property=\"og:locale\" content=\"fr_FR\" \/>\n<meta property=\"og:type\" content=\"article\" \/>\n<meta property=\"og:title\" content=\"La conf\u00e9rence ICOM Duba\u00ef 2025 a \u00e9t\u00e9 lanc\u00e9e ! - International Council of Museums\" \/>\n<meta property=\"og:description\" content=\"Des professionnels des mus\u00e9es et des leaders culturels du monde entier se r\u00e9unissent \u00e0 Duba\u00ef, \u00c9mirats arabes unis, pour l\u2019\u00e9v\u00e9nement le plus important de la communaut\u00e9 mus\u00e9ale internationale. C\u2019est la premi\u00e8re fois que la Conf\u00e9rence g\u00e9n\u00e9rale de l\u2019ICOM se tient dans la r\u00e9gion Moyen-Orient, Afrique et Asie du Sud (MEASA).\" \/>\n<meta property=\"og:url\" content=\"https:\/\/icom.museum\/fr\/news\/la-conference-icom-dubai-2025-a-ete-lancee\/\" \/>\n<meta property=\"og:site_name\" content=\"International Council of Museums\" \/>\n<meta property=\"article:modified_time\" content=\"2025-11-13T09:29:09+00:00\" \/>\n<meta name=\"twitter:card\" content=\"summary_large_image\" \/>\n<script type=\"application\/ld+json\" class=\"yoast-schema-graph\">{\"@context\":\"https:\/\/schema.org\",\"@graph\":[{\"@type\":\"WebPage\",\"@id\":\"https:\/\/icom.museum\/fr\/news\/la-conference-icom-dubai-2025-a-ete-lancee\/\",\"url\":\"https:\/\/icom.museum\/fr\/news\/la-conference-icom-dubai-2025-a-ete-lancee\/\",\"name\":\"La conf\u00e9rence ICOM Duba\u00ef 2025 a \u00e9t\u00e9 lanc\u00e9e ! - International Council of Museums\",\"isPartOf\":{\"@id\":\"https:\/\/icom.museum\/en\/#website\"},\"datePublished\":\"2025-11-13T09:20:31+00:00\",\"dateModified\":\"2025-11-13T09:29:09+00:00\",\"description\":\"Des professionnels des mus\u00e9es et des leaders culturels du monde entier se r\u00e9unissent \u00e0 Duba\u00ef, \u00c9mirats arabes unis, pour l\u2019\u00e9v\u00e9nement le plus important de la communaut\u00e9 mus\u00e9ale internationale. C\u2019est la premi\u00e8re fois que la Conf\u00e9rence g\u00e9n\u00e9rale de l\u2019ICOM se tient dans la r\u00e9gion Moyen-Orient, Afrique et Asie du Sud (MEASA).\",\"breadcrumb\":{\"@id\":\"https:\/\/icom.museum\/fr\/news\/la-conference-icom-dubai-2025-a-ete-lancee\/#breadcrumb\"},\"inLanguage\":\"fr-FR\",\"potentialAction\":[{\"@type\":\"ReadAction\",\"target\":[\"https:\/\/icom.museum\/fr\/news\/la-conference-icom-dubai-2025-a-ete-lancee\/\"]}]},{\"@type\":\"BreadcrumbList\",\"@id\":\"https:\/\/icom.museum\/fr\/news\/la-conference-icom-dubai-2025-a-ete-lancee\/#breadcrumb\",\"itemListElement\":[{\"@type\":\"ListItem\",\"position\":1,\"name\":\"Home\",\"item\":\"https:\/\/icom.museum\/fr\/\"},{\"@type\":\"ListItem\",\"position\":2,\"name\":\"La conf\u00e9rence ICOM Duba\u00ef 2025 a \u00e9t\u00e9 lanc\u00e9e !\"}]},{\"@type\":\"WebSite\",\"@id\":\"https:\/\/icom.museum\/en\/#website\",\"url\":\"https:\/\/icom.museum\/en\/\",\"name\":\"International Council of Museums\",\"description\":\"A global organisation of museums &amp; museum professionals committed to the promotion and protection of cultural heritage\",\"publisher\":{\"@id\":\"https:\/\/icom.museum\/en\/#organization\"},\"potentialAction\":[{\"@type\":\"SearchAction\",\"target\":{\"@type\":\"EntryPoint\",\"urlTemplate\":\"https:\/\/icom.museum\/en\/?s={search_term_string}\"},\"query-input\":{\"@type\":\"PropertyValueSpecification\",\"valueRequired\":true,\"valueName\":\"search_term_string\"}}],\"inLanguage\":\"fr-FR\"},{\"@type\":\"Organization\",\"@id\":\"https:\/\/icom.museum\/en\/#organization\",\"name\":\"International Council of Museums\",\"url\":\"https:\/\/icom.museum\/en\/\",\"logo\":{\"@type\":\"ImageObject\",\"inLanguage\":\"fr-FR\",\"@id\":\"https:\/\/icom.museum\/en\/#\/schema\/logo\/image\/\",\"url\":\"https:\/\/icom.museum\/wp-content\/uploads\/2018\/07\/ICOM_M_.jpg\",\"contentUrl\":\"https:\/\/icom.museum\/wp-content\/uploads\/2018\/07\/ICOM_M_.jpg\",\"width\":1721,\"height\":1721,\"caption\":\"International Council of Museums\"},\"image\":{\"@id\":\"https:\/\/icom.museum\/en\/#\/schema\/logo\/image\/\"}}]}<\/script>\n<!-- \/ Yoast SEO plugin. -->","yoast_head_json":{"title":"La conf\u00e9rence ICOM Duba\u00ef 2025 a \u00e9t\u00e9 lanc\u00e9e ! - International Council of Museums","description":"Des professionnels des mus\u00e9es et des leaders culturels du monde entier se r\u00e9unissent \u00e0 Duba\u00ef, \u00c9mirats arabes unis, pour l\u2019\u00e9v\u00e9nement le plus important de la communaut\u00e9 mus\u00e9ale internationale. C\u2019est la premi\u00e8re fois que la Conf\u00e9rence g\u00e9n\u00e9rale de l\u2019ICOM se tient dans la r\u00e9gion Moyen-Orient, Afrique et Asie du Sud (MEASA).","robots":{"index":"index","follow":"follow","max-snippet":"max-snippet:-1","max-image-preview":"max-image-preview:large","max-video-preview":"max-video-preview:-1"},"canonical":"https:\/\/icom.museum\/fr\/news\/la-conference-icom-dubai-2025-a-ete-lancee\/","og_locale":"fr_FR","og_type":"article","og_title":"La conf\u00e9rence ICOM Duba\u00ef 2025 a \u00e9t\u00e9 lanc\u00e9e ! - International Council of Museums","og_description":"Des professionnels des mus\u00e9es et des leaders culturels du monde entier se r\u00e9unissent \u00e0 Duba\u00ef, \u00c9mirats arabes unis, pour l\u2019\u00e9v\u00e9nement le plus important de la communaut\u00e9 mus\u00e9ale internationale. C\u2019est la premi\u00e8re fois que la Conf\u00e9rence g\u00e9n\u00e9rale de l\u2019ICOM se tient dans la r\u00e9gion Moyen-Orient, Afrique et Asie du Sud (MEASA).","og_url":"https:\/\/icom.museum\/fr\/news\/la-conference-icom-dubai-2025-a-ete-lancee\/","og_site_name":"International Council of Museums","article_modified_time":"2025-11-13T09:29:09+00:00","twitter_card":"summary_large_image","schema":{"@context":"https:\/\/schema.org","@graph":[{"@type":"WebPage","@id":"https:\/\/icom.museum\/fr\/news\/la-conference-icom-dubai-2025-a-ete-lancee\/","url":"https:\/\/icom.museum\/fr\/news\/la-conference-icom-dubai-2025-a-ete-lancee\/","name":"La conf\u00e9rence ICOM Duba\u00ef 2025 a \u00e9t\u00e9 lanc\u00e9e ! - International Council of Museums","isPartOf":{"@id":"https:\/\/icom.museum\/en\/#website"},"datePublished":"2025-11-13T09:20:31+00:00","dateModified":"2025-11-13T09:29:09+00:00","description":"Des professionnels des mus\u00e9es et des leaders culturels du monde entier se r\u00e9unissent \u00e0 Duba\u00ef, \u00c9mirats arabes unis, pour l\u2019\u00e9v\u00e9nement le plus important de la communaut\u00e9 mus\u00e9ale internationale. C\u2019est la premi\u00e8re fois que la Conf\u00e9rence g\u00e9n\u00e9rale de l\u2019ICOM se tient dans la r\u00e9gion Moyen-Orient, Afrique et Asie du Sud (MEASA).","breadcrumb":{"@id":"https:\/\/icom.museum\/fr\/news\/la-conference-icom-dubai-2025-a-ete-lancee\/#breadcrumb"},"inLanguage":"fr-FR","potentialAction":[{"@type":"ReadAction","target":["https:\/\/icom.museum\/fr\/news\/la-conference-icom-dubai-2025-a-ete-lancee\/"]}]},{"@type":"BreadcrumbList","@id":"https:\/\/icom.museum\/fr\/news\/la-conference-icom-dubai-2025-a-ete-lancee\/#breadcrumb","itemListElement":[{"@type":"ListItem","position":1,"name":"Home","item":"https:\/\/icom.museum\/fr\/"},{"@type":"ListItem","position":2,"name":"La conf\u00e9rence ICOM Duba\u00ef 2025 a \u00e9t\u00e9 lanc\u00e9e !"}]},{"@type":"WebSite","@id":"https:\/\/icom.museum\/en\/#website","url":"https:\/\/icom.museum\/en\/","name":"International Council of Museums","description":"A global organisation of museums &amp; museum professionals committed to the promotion and protection of cultural heritage","publisher":{"@id":"https:\/\/icom.museum\/en\/#organization"},"potentialAction":[{"@type":"SearchAction","target":{"@type":"EntryPoint","urlTemplate":"https:\/\/icom.museum\/en\/?s={search_term_string}"},"query-input":{"@type":"PropertyValueSpecification","valueRequired":true,"valueName":"search_term_string"}}],"inLanguage":"fr-FR"},{"@type":"Organization","@id":"https:\/\/icom.museum\/en\/#organization","name":"International Council of Museums","url":"https:\/\/icom.museum\/en\/","logo":{"@type":"ImageObject","inLanguage":"fr-FR","@id":"https:\/\/icom.museum\/en\/#\/schema\/logo\/image\/","url":"https:\/\/icom.museum\/wp-content\/uploads\/2018\/07\/ICOM_M_.jpg","contentUrl":"https:\/\/icom.museum\/wp-content\/uploads\/2018\/07\/ICOM_M_.jpg","width":1721,"height":1721,"caption":"International Council of Museums"},"image":{"@id":"https:\/\/icom.museum\/en\/#\/schema\/logo\/image\/"}}]}},"_links":{"self":[{"href":"https:\/\/icom.museum\/fr\/wp-json\/wp\/v2\/news\/66296"}],"collection":[{"href":"https:\/\/icom.museum\/fr\/wp-json\/wp\/v2\/news"}],"about":[{"href":"https:\/\/icom.museum\/fr\/wp-json\/wp\/v2\/types\/news"}],"wp:attachment":[{"href":"https:\/\/icom.museum\/fr\/wp-json\/wp\/v2\/media?parent=66296"}],"curies":[{"name":"wp","href":"https:\/\/api.w.org\/{rel}","templated":true}]}}