{"id":66534,"date":"2025-11-20T17:15:44","date_gmt":"2025-11-20T15:15:44","guid":{"rendered":"https:\/\/icom.museum\/?post_type=news&#038;p=66534"},"modified":"2025-11-20T17:15:44","modified_gmt":"2025-11-20T15:15:44","slug":"resultats-de-la-27e-conference-generale-de-licom-licom-definit-une-orientation-strategique-pour-le-secteur-museal","status":"publish","type":"news","link":"https:\/\/icom.museum\/fr\/news\/resultats-de-la-27e-conference-generale-de-licom-licom-definit-une-orientation-strategique-pour-le-secteur-museal\/","title":{"rendered":"R\u00e9sultats de la 27e Conf\u00e9rence g\u00e9n\u00e9rale de l&#8217;ICOM : l&#8217;ICOM d\u00e9finit une orientation strat\u00e9gique pour le secteur mus\u00e9al"},"template":"","meta":{"inline_featured_image":false},"class_list":["post-66534","news","type-news","status-publish","hentry","news_category-featured-fr"],"acf":[],"yoast_head":"<!-- This site is optimized with the Yoast SEO plugin v23.7 - https:\/\/yoast.com\/wordpress\/plugins\/seo\/ -->\n<title>R\u00e9sultats de la 27e Conf\u00e9rence g\u00e9n\u00e9rale de l&#039;ICOM : l&#039;ICOM d\u00e9finit une orientation strat\u00e9gique pour le secteur mus\u00e9al - International Council of Museums<\/title>\n<meta name=\"description\" content=\"La 27e Conf\u00e9rence g\u00e9n\u00e9rale du Conseil international des mus\u00e9es (ICOM), qui s&#039;est tenue du 11 au 17 novembre \u00e0 Duba\u00ef, aux \u00c9mirats arabes unis, sur le th\u00e8me \u00ab L&#039;avenir des mus\u00e9es dans des communaut\u00e9s en constante \u00e9volution \u00bb, a abouti \u00e0 une s\u00e9rie de r\u00e9sultats majeurs qui guideront les activit\u00e9s de l&#039;ICOM dans les ann\u00e9es \u00e0 venir.\" \/>\n<meta name=\"robots\" content=\"index, follow, max-snippet:-1, max-image-preview:large, max-video-preview:-1\" \/>\n<link rel=\"canonical\" href=\"https:\/\/icom.museum\/fr\/news\/resultats-de-la-27e-conference-generale-de-licom-licom-definit-une-orientation-strategique-pour-le-secteur-museal\/\" \/>\n<meta property=\"og:locale\" content=\"fr_FR\" \/>\n<meta property=\"og:type\" content=\"article\" \/>\n<meta property=\"og:title\" content=\"R\u00e9sultats de la 27e Conf\u00e9rence g\u00e9n\u00e9rale de l&#039;ICOM : l&#039;ICOM d\u00e9finit une orientation strat\u00e9gique pour le secteur mus\u00e9al - International Council of Museums\" \/>\n<meta property=\"og:description\" content=\"La 27e Conf\u00e9rence g\u00e9n\u00e9rale du Conseil international des mus\u00e9es (ICOM), qui s&#039;est tenue du 11 au 17 novembre \u00e0 Duba\u00ef, aux \u00c9mirats arabes unis, sur le th\u00e8me \u00ab L&#039;avenir des mus\u00e9es dans des communaut\u00e9s en constante \u00e9volution \u00bb, a abouti \u00e0 une s\u00e9rie de r\u00e9sultats majeurs qui guideront les activit\u00e9s de l&#039;ICOM dans les ann\u00e9es \u00e0 venir.\" \/>\n<meta property=\"og:url\" content=\"https:\/\/icom.museum\/fr\/news\/resultats-de-la-27e-conference-generale-de-licom-licom-definit-une-orientation-strategique-pour-le-secteur-museal\/\" \/>\n<meta property=\"og:site_name\" content=\"International Council of Museums\" \/>\n<meta name=\"twitter:card\" content=\"summary_large_image\" \/>\n<script type=\"application\/ld+json\" class=\"yoast-schema-graph\">{\"@context\":\"https:\/\/schema.org\",\"@graph\":[{\"@type\":\"WebPage\",\"@id\":\"https:\/\/icom.museum\/fr\/news\/resultats-de-la-27e-conference-generale-de-licom-licom-definit-une-orientation-strategique-pour-le-secteur-museal\/\",\"url\":\"https:\/\/icom.museum\/fr\/news\/resultats-de-la-27e-conference-generale-de-licom-licom-definit-une-orientation-strategique-pour-le-secteur-museal\/\",\"name\":\"R\u00e9sultats de la 27e Conf\u00e9rence g\u00e9n\u00e9rale de l'ICOM : l'ICOM d\u00e9finit une orientation strat\u00e9gique pour le secteur mus\u00e9al - International Council of Museums\",\"isPartOf\":{\"@id\":\"https:\/\/icom.museum\/en\/#website\"},\"datePublished\":\"2025-11-20T15:15:44+00:00\",\"dateModified\":\"2025-11-20T15:15:44+00:00\",\"description\":\"La 27e Conf\u00e9rence g\u00e9n\u00e9rale du Conseil international des mus\u00e9es (ICOM), qui s'est tenue du 11 au 17 novembre \u00e0 Duba\u00ef, aux \u00c9mirats arabes unis, sur le th\u00e8me \u00ab L'avenir des mus\u00e9es dans des communaut\u00e9s en constante \u00e9volution \u00bb, a abouti \u00e0 une s\u00e9rie de r\u00e9sultats majeurs qui guideront les activit\u00e9s de l'ICOM dans les ann\u00e9es \u00e0 venir.\",\"breadcrumb\":{\"@id\":\"https:\/\/icom.museum\/fr\/news\/resultats-de-la-27e-conference-generale-de-licom-licom-definit-une-orientation-strategique-pour-le-secteur-museal\/#breadcrumb\"},\"inLanguage\":\"fr-FR\",\"potentialAction\":[{\"@type\":\"ReadAction\",\"target\":[\"https:\/\/icom.museum\/fr\/news\/resultats-de-la-27e-conference-generale-de-licom-licom-definit-une-orientation-strategique-pour-le-secteur-museal\/\"]}]},{\"@type\":\"BreadcrumbList\",\"@id\":\"https:\/\/icom.museum\/fr\/news\/resultats-de-la-27e-conference-generale-de-licom-licom-definit-une-orientation-strategique-pour-le-secteur-museal\/#breadcrumb\",\"itemListElement\":[{\"@type\":\"ListItem\",\"position\":1,\"name\":\"Home\",\"item\":\"https:\/\/icom.museum\/fr\/\"},{\"@type\":\"ListItem\",\"position\":2,\"name\":\"R\u00e9sultats de la 27e Conf\u00e9rence g\u00e9n\u00e9rale de l&#8217;ICOM : l&#8217;ICOM d\u00e9finit une orientation strat\u00e9gique pour le secteur mus\u00e9al\"}]},{\"@type\":\"WebSite\",\"@id\":\"https:\/\/icom.museum\/en\/#website\",\"url\":\"https:\/\/icom.museum\/en\/\",\"name\":\"International Council of Museums\",\"description\":\"A global organisation of museums &amp; museum professionals committed to the promotion and protection of cultural heritage\",\"publisher\":{\"@id\":\"https:\/\/icom.museum\/en\/#organization\"},\"potentialAction\":[{\"@type\":\"SearchAction\",\"target\":{\"@type\":\"EntryPoint\",\"urlTemplate\":\"https:\/\/icom.museum\/en\/?s={search_term_string}\"},\"query-input\":{\"@type\":\"PropertyValueSpecification\",\"valueRequired\":true,\"valueName\":\"search_term_string\"}}],\"inLanguage\":\"fr-FR\"},{\"@type\":\"Organization\",\"@id\":\"https:\/\/icom.museum\/en\/#organization\",\"name\":\"International Council of Museums\",\"url\":\"https:\/\/icom.museum\/en\/\",\"logo\":{\"@type\":\"ImageObject\",\"inLanguage\":\"fr-FR\",\"@id\":\"https:\/\/icom.museum\/en\/#\/schema\/logo\/image\/\",\"url\":\"https:\/\/icom.museum\/wp-content\/uploads\/2018\/07\/ICOM_M_.jpg\",\"contentUrl\":\"https:\/\/icom.museum\/wp-content\/uploads\/2018\/07\/ICOM_M_.jpg\",\"width\":1721,\"height\":1721,\"caption\":\"International Council of Museums\"},\"image\":{\"@id\":\"https:\/\/icom.museum\/en\/#\/schema\/logo\/image\/\"}}]}<\/script>\n<!-- \/ Yoast SEO plugin. -->","yoast_head_json":{"title":"R\u00e9sultats de la 27e Conf\u00e9rence g\u00e9n\u00e9rale de l'ICOM : l'ICOM d\u00e9finit une orientation strat\u00e9gique pour le secteur mus\u00e9al - International Council of Museums","description":"La 27e Conf\u00e9rence g\u00e9n\u00e9rale du Conseil international des mus\u00e9es (ICOM), qui s'est tenue du 11 au 17 novembre \u00e0 Duba\u00ef, aux \u00c9mirats arabes unis, sur le th\u00e8me \u00ab L'avenir des mus\u00e9es dans des communaut\u00e9s en constante \u00e9volution \u00bb, a abouti \u00e0 une s\u00e9rie de r\u00e9sultats majeurs qui guideront les activit\u00e9s de l'ICOM dans les ann\u00e9es \u00e0 venir.","robots":{"index":"index","follow":"follow","max-snippet":"max-snippet:-1","max-image-preview":"max-image-preview:large","max-video-preview":"max-video-preview:-1"},"canonical":"https:\/\/icom.museum\/fr\/news\/resultats-de-la-27e-conference-generale-de-licom-licom-definit-une-orientation-strategique-pour-le-secteur-museal\/","og_locale":"fr_FR","og_type":"article","og_title":"R\u00e9sultats de la 27e Conf\u00e9rence g\u00e9n\u00e9rale de l'ICOM : l'ICOM d\u00e9finit une orientation strat\u00e9gique pour le secteur mus\u00e9al - International Council of Museums","og_description":"La 27e Conf\u00e9rence g\u00e9n\u00e9rale du Conseil international des mus\u00e9es (ICOM), qui s'est tenue du 11 au 17 novembre \u00e0 Duba\u00ef, aux \u00c9mirats arabes unis, sur le th\u00e8me \u00ab L'avenir des mus\u00e9es dans des communaut\u00e9s en constante \u00e9volution \u00bb, a abouti \u00e0 une s\u00e9rie de r\u00e9sultats majeurs qui guideront les activit\u00e9s de l'ICOM dans les ann\u00e9es \u00e0 venir.","og_url":"https:\/\/icom.museum\/fr\/news\/resultats-de-la-27e-conference-generale-de-licom-licom-definit-une-orientation-strategique-pour-le-secteur-museal\/","og_site_name":"International Council of Museums","twitter_card":"summary_large_image","schema":{"@context":"https:\/\/schema.org","@graph":[{"@type":"WebPage","@id":"https:\/\/icom.museum\/fr\/news\/resultats-de-la-27e-conference-generale-de-licom-licom-definit-une-orientation-strategique-pour-le-secteur-museal\/","url":"https:\/\/icom.museum\/fr\/news\/resultats-de-la-27e-conference-generale-de-licom-licom-definit-une-orientation-strategique-pour-le-secteur-museal\/","name":"R\u00e9sultats de la 27e Conf\u00e9rence g\u00e9n\u00e9rale de l'ICOM : l'ICOM d\u00e9finit une orientation strat\u00e9gique pour le secteur mus\u00e9al - International Council of Museums","isPartOf":{"@id":"https:\/\/icom.museum\/en\/#website"},"datePublished":"2025-11-20T15:15:44+00:00","dateModified":"2025-11-20T15:15:44+00:00","description":"La 27e Conf\u00e9rence g\u00e9n\u00e9rale du Conseil international des mus\u00e9es (ICOM), qui s'est tenue du 11 au 17 novembre \u00e0 Duba\u00ef, aux \u00c9mirats arabes unis, sur le th\u00e8me \u00ab L'avenir des mus\u00e9es dans des communaut\u00e9s en constante \u00e9volution \u00bb, a abouti \u00e0 une s\u00e9rie de r\u00e9sultats majeurs qui guideront les activit\u00e9s de l'ICOM dans les ann\u00e9es \u00e0 venir.","breadcrumb":{"@id":"https:\/\/icom.museum\/fr\/news\/resultats-de-la-27e-conference-generale-de-licom-licom-definit-une-orientation-strategique-pour-le-secteur-museal\/#breadcrumb"},"inLanguage":"fr-FR","potentialAction":[{"@type":"ReadAction","target":["https:\/\/icom.museum\/fr\/news\/resultats-de-la-27e-conference-generale-de-licom-licom-definit-une-orientation-strategique-pour-le-secteur-museal\/"]}]},{"@type":"BreadcrumbList","@id":"https:\/\/icom.museum\/fr\/news\/resultats-de-la-27e-conference-generale-de-licom-licom-definit-une-orientation-strategique-pour-le-secteur-museal\/#breadcrumb","itemListElement":[{"@type":"ListItem","position":1,"name":"Home","item":"https:\/\/icom.museum\/fr\/"},{"@type":"ListItem","position":2,"name":"R\u00e9sultats de la 27e Conf\u00e9rence g\u00e9n\u00e9rale de l&#8217;ICOM : l&#8217;ICOM d\u00e9finit une orientation strat\u00e9gique pour le secteur mus\u00e9al"}]},{"@type":"WebSite","@id":"https:\/\/icom.museum\/en\/#website","url":"https:\/\/icom.museum\/en\/","name":"International Council of Museums","description":"A global organisation of museums &amp; museum professionals committed to the promotion and protection of cultural heritage","publisher":{"@id":"https:\/\/icom.museum\/en\/#organization"},"potentialAction":[{"@type":"SearchAction","target":{"@type":"EntryPoint","urlTemplate":"https:\/\/icom.museum\/en\/?s={search_term_string}"},"query-input":{"@type":"PropertyValueSpecification","valueRequired":true,"valueName":"search_term_string"}}],"inLanguage":"fr-FR"},{"@type":"Organization","@id":"https:\/\/icom.museum\/en\/#organization","name":"International Council of Museums","url":"https:\/\/icom.museum\/en\/","logo":{"@type":"ImageObject","inLanguage":"fr-FR","@id":"https:\/\/icom.museum\/en\/#\/schema\/logo\/image\/","url":"https:\/\/icom.museum\/wp-content\/uploads\/2018\/07\/ICOM_M_.jpg","contentUrl":"https:\/\/icom.museum\/wp-content\/uploads\/2018\/07\/ICOM_M_.jpg","width":1721,"height":1721,"caption":"International Council of Museums"},"image":{"@id":"https:\/\/icom.museum\/en\/#\/schema\/logo\/image\/"}}]}},"_links":{"self":[{"href":"https:\/\/icom.museum\/fr\/wp-json\/wp\/v2\/news\/66534"}],"collection":[{"href":"https:\/\/icom.museum\/fr\/wp-json\/wp\/v2\/news"}],"about":[{"href":"https:\/\/icom.museum\/fr\/wp-json\/wp\/v2\/types\/news"}],"wp:attachment":[{"href":"https:\/\/icom.museum\/fr\/wp-json\/wp\/v2\/media?parent=66534"}],"curies":[{"name":"wp","href":"https:\/\/api.w.org\/{rel}","templated":true}]}}