{"id":67604,"date":"2026-03-05T11:35:52","date_gmt":"2026-03-05T09:35:52","guid":{"rendered":"https:\/\/icom.museum\/?post_type=news&#038;p=67604"},"modified":"2026-03-09T15:16:57","modified_gmt":"2026-03-09T13:16:57","slug":"femmesdanslesmusees-licom-celebre-la-journee-internationale-des-femmes-2026","status":"publish","type":"news","link":"https:\/\/icom.museum\/fr\/news\/femmesdanslesmusees-licom-celebre-la-journee-internationale-des-femmes-2026\/","title":{"rendered":"#FemmesDansLesMus\u00e9es : l&#8217;ICOM c\u00e9l\u00e8bre la Journ\u00e9e internationale des femmes 2026"},"template":"","meta":{"inline_featured_image":false},"class_list":["post-67604","news","type-news","status-publish","hentry"],"acf":[],"yoast_head":"<!-- This site is optimized with the Yoast SEO plugin v23.7 - https:\/\/yoast.com\/wordpress\/plugins\/seo\/ -->\n<title>#FemmesDansLesMus\u00e9es : l&#039;ICOM c\u00e9l\u00e8bre la Journ\u00e9e internationale des femmes 2026 - International Council of Museums<\/title>\n<meta name=\"description\" content=\"\u00c0 l&#039;occasion du 115e anniversaire (1911-2026) de la Journ\u00e9e internationale des femmes, l&#039;ICOM r\u00e9it\u00e8re son engagement en faveur de la promotion de l&#039;\u00e9galit\u00e9 des sexes et plaide pour la diversit\u00e9 et l&#039;autonomisation des femmes dans le secteur mus\u00e9al et au-del\u00e0.\" \/>\n<meta name=\"robots\" content=\"index, follow, max-snippet:-1, max-image-preview:large, max-video-preview:-1\" \/>\n<link rel=\"canonical\" href=\"https:\/\/icom.museum\/fr\/news\/femmesdanslesmusees-licom-celebre-la-journee-internationale-des-femmes-2026\/\" \/>\n<meta property=\"og:locale\" content=\"fr_FR\" \/>\n<meta property=\"og:type\" content=\"article\" \/>\n<meta property=\"og:title\" content=\"#FemmesDansLesMus\u00e9es : l&#039;ICOM c\u00e9l\u00e8bre la Journ\u00e9e internationale des femmes 2026 - International Council of Museums\" \/>\n<meta property=\"og:description\" content=\"\u00c0 l&#039;occasion du 115e anniversaire (1911-2026) de la Journ\u00e9e internationale des femmes, l&#039;ICOM r\u00e9it\u00e8re son engagement en faveur de la promotion de l&#039;\u00e9galit\u00e9 des sexes et plaide pour la diversit\u00e9 et l&#039;autonomisation des femmes dans le secteur mus\u00e9al et au-del\u00e0.\" \/>\n<meta property=\"og:url\" content=\"https:\/\/icom.museum\/fr\/news\/femmesdanslesmusees-licom-celebre-la-journee-internationale-des-femmes-2026\/\" \/>\n<meta property=\"og:site_name\" content=\"International Council of Museums\" \/>\n<meta property=\"article:modified_time\" content=\"2026-03-09T13:16:57+00:00\" \/>\n<meta name=\"twitter:card\" content=\"summary_large_image\" \/>\n<script type=\"application\/ld+json\" class=\"yoast-schema-graph\">{\"@context\":\"https:\/\/schema.org\",\"@graph\":[{\"@type\":\"WebPage\",\"@id\":\"https:\/\/icom.museum\/fr\/news\/femmesdanslesmusees-licom-celebre-la-journee-internationale-des-femmes-2026\/\",\"url\":\"https:\/\/icom.museum\/fr\/news\/femmesdanslesmusees-licom-celebre-la-journee-internationale-des-femmes-2026\/\",\"name\":\"#FemmesDansLesMus\u00e9es : l'ICOM c\u00e9l\u00e8bre la Journ\u00e9e internationale des femmes 2026 - International Council of Museums\",\"isPartOf\":{\"@id\":\"https:\/\/icom.museum\/en\/#website\"},\"datePublished\":\"2026-03-05T09:35:52+00:00\",\"dateModified\":\"2026-03-09T13:16:57+00:00\",\"description\":\"\u00c0 l'occasion du 115e anniversaire (1911-2026) de la Journ\u00e9e internationale des femmes, l'ICOM r\u00e9it\u00e8re son engagement en faveur de la promotion de l'\u00e9galit\u00e9 des sexes et plaide pour la diversit\u00e9 et l'autonomisation des femmes dans le secteur mus\u00e9al et au-del\u00e0.\",\"breadcrumb\":{\"@id\":\"https:\/\/icom.museum\/fr\/news\/femmesdanslesmusees-licom-celebre-la-journee-internationale-des-femmes-2026\/#breadcrumb\"},\"inLanguage\":\"fr-FR\",\"potentialAction\":[{\"@type\":\"ReadAction\",\"target\":[\"https:\/\/icom.museum\/fr\/news\/femmesdanslesmusees-licom-celebre-la-journee-internationale-des-femmes-2026\/\"]}]},{\"@type\":\"BreadcrumbList\",\"@id\":\"https:\/\/icom.museum\/fr\/news\/femmesdanslesmusees-licom-celebre-la-journee-internationale-des-femmes-2026\/#breadcrumb\",\"itemListElement\":[{\"@type\":\"ListItem\",\"position\":1,\"name\":\"Home\",\"item\":\"https:\/\/icom.museum\/fr\/\"},{\"@type\":\"ListItem\",\"position\":2,\"name\":\"#FemmesDansLesMus\u00e9es : l&#8217;ICOM c\u00e9l\u00e8bre la Journ\u00e9e internationale des femmes 2026\"}]},{\"@type\":\"WebSite\",\"@id\":\"https:\/\/icom.museum\/en\/#website\",\"url\":\"https:\/\/icom.museum\/en\/\",\"name\":\"International Council of Museums\",\"description\":\"A global organisation of museums &amp; museum professionals committed to the promotion and protection of cultural heritage\",\"publisher\":{\"@id\":\"https:\/\/icom.museum\/en\/#organization\"},\"potentialAction\":[{\"@type\":\"SearchAction\",\"target\":{\"@type\":\"EntryPoint\",\"urlTemplate\":\"https:\/\/icom.museum\/en\/?s={search_term_string}\"},\"query-input\":{\"@type\":\"PropertyValueSpecification\",\"valueRequired\":true,\"valueName\":\"search_term_string\"}}],\"inLanguage\":\"fr-FR\"},{\"@type\":\"Organization\",\"@id\":\"https:\/\/icom.museum\/en\/#organization\",\"name\":\"International Council of Museums\",\"url\":\"https:\/\/icom.museum\/en\/\",\"logo\":{\"@type\":\"ImageObject\",\"inLanguage\":\"fr-FR\",\"@id\":\"https:\/\/icom.museum\/en\/#\/schema\/logo\/image\/\",\"url\":\"https:\/\/icom.museum\/wp-content\/uploads\/2018\/07\/ICOM_M_.jpg\",\"contentUrl\":\"https:\/\/icom.museum\/wp-content\/uploads\/2018\/07\/ICOM_M_.jpg\",\"width\":1721,\"height\":1721,\"caption\":\"International Council of Museums\"},\"image\":{\"@id\":\"https:\/\/icom.museum\/en\/#\/schema\/logo\/image\/\"}}]}<\/script>\n<!-- \/ Yoast SEO plugin. -->","yoast_head_json":{"title":"#FemmesDansLesMus\u00e9es : l'ICOM c\u00e9l\u00e8bre la Journ\u00e9e internationale des femmes 2026 - International Council of Museums","description":"\u00c0 l'occasion du 115e anniversaire (1911-2026) de la Journ\u00e9e internationale des femmes, l'ICOM r\u00e9it\u00e8re son engagement en faveur de la promotion de l'\u00e9galit\u00e9 des sexes et plaide pour la diversit\u00e9 et l'autonomisation des femmes dans le secteur mus\u00e9al et au-del\u00e0.","robots":{"index":"index","follow":"follow","max-snippet":"max-snippet:-1","max-image-preview":"max-image-preview:large","max-video-preview":"max-video-preview:-1"},"canonical":"https:\/\/icom.museum\/fr\/news\/femmesdanslesmusees-licom-celebre-la-journee-internationale-des-femmes-2026\/","og_locale":"fr_FR","og_type":"article","og_title":"#FemmesDansLesMus\u00e9es : l'ICOM c\u00e9l\u00e8bre la Journ\u00e9e internationale des femmes 2026 - International Council of Museums","og_description":"\u00c0 l'occasion du 115e anniversaire (1911-2026) de la Journ\u00e9e internationale des femmes, l'ICOM r\u00e9it\u00e8re son engagement en faveur de la promotion de l'\u00e9galit\u00e9 des sexes et plaide pour la diversit\u00e9 et l'autonomisation des femmes dans le secteur mus\u00e9al et au-del\u00e0.","og_url":"https:\/\/icom.museum\/fr\/news\/femmesdanslesmusees-licom-celebre-la-journee-internationale-des-femmes-2026\/","og_site_name":"International Council of Museums","article_modified_time":"2026-03-09T13:16:57+00:00","twitter_card":"summary_large_image","schema":{"@context":"https:\/\/schema.org","@graph":[{"@type":"WebPage","@id":"https:\/\/icom.museum\/fr\/news\/femmesdanslesmusees-licom-celebre-la-journee-internationale-des-femmes-2026\/","url":"https:\/\/icom.museum\/fr\/news\/femmesdanslesmusees-licom-celebre-la-journee-internationale-des-femmes-2026\/","name":"#FemmesDansLesMus\u00e9es : l'ICOM c\u00e9l\u00e8bre la Journ\u00e9e internationale des femmes 2026 - International Council of Museums","isPartOf":{"@id":"https:\/\/icom.museum\/en\/#website"},"datePublished":"2026-03-05T09:35:52+00:00","dateModified":"2026-03-09T13:16:57+00:00","description":"\u00c0 l'occasion du 115e anniversaire (1911-2026) de la Journ\u00e9e internationale des femmes, l'ICOM r\u00e9it\u00e8re son engagement en faveur de la promotion de l'\u00e9galit\u00e9 des sexes et plaide pour la diversit\u00e9 et l'autonomisation des femmes dans le secteur mus\u00e9al et au-del\u00e0.","breadcrumb":{"@id":"https:\/\/icom.museum\/fr\/news\/femmesdanslesmusees-licom-celebre-la-journee-internationale-des-femmes-2026\/#breadcrumb"},"inLanguage":"fr-FR","potentialAction":[{"@type":"ReadAction","target":["https:\/\/icom.museum\/fr\/news\/femmesdanslesmusees-licom-celebre-la-journee-internationale-des-femmes-2026\/"]}]},{"@type":"BreadcrumbList","@id":"https:\/\/icom.museum\/fr\/news\/femmesdanslesmusees-licom-celebre-la-journee-internationale-des-femmes-2026\/#breadcrumb","itemListElement":[{"@type":"ListItem","position":1,"name":"Home","item":"https:\/\/icom.museum\/fr\/"},{"@type":"ListItem","position":2,"name":"#FemmesDansLesMus\u00e9es : l&#8217;ICOM c\u00e9l\u00e8bre la Journ\u00e9e internationale des femmes 2026"}]},{"@type":"WebSite","@id":"https:\/\/icom.museum\/en\/#website","url":"https:\/\/icom.museum\/en\/","name":"International Council of Museums","description":"A global organisation of museums &amp; museum professionals committed to the promotion and protection of cultural heritage","publisher":{"@id":"https:\/\/icom.museum\/en\/#organization"},"potentialAction":[{"@type":"SearchAction","target":{"@type":"EntryPoint","urlTemplate":"https:\/\/icom.museum\/en\/?s={search_term_string}"},"query-input":{"@type":"PropertyValueSpecification","valueRequired":true,"valueName":"search_term_string"}}],"inLanguage":"fr-FR"},{"@type":"Organization","@id":"https:\/\/icom.museum\/en\/#organization","name":"International Council of Museums","url":"https:\/\/icom.museum\/en\/","logo":{"@type":"ImageObject","inLanguage":"fr-FR","@id":"https:\/\/icom.museum\/en\/#\/schema\/logo\/image\/","url":"https:\/\/icom.museum\/wp-content\/uploads\/2018\/07\/ICOM_M_.jpg","contentUrl":"https:\/\/icom.museum\/wp-content\/uploads\/2018\/07\/ICOM_M_.jpg","width":1721,"height":1721,"caption":"International Council of Museums"},"image":{"@id":"https:\/\/icom.museum\/en\/#\/schema\/logo\/image\/"}}]}},"_links":{"self":[{"href":"https:\/\/icom.museum\/fr\/wp-json\/wp\/v2\/news\/67604"}],"collection":[{"href":"https:\/\/icom.museum\/fr\/wp-json\/wp\/v2\/news"}],"about":[{"href":"https:\/\/icom.museum\/fr\/wp-json\/wp\/v2\/types\/news"}],"wp:attachment":[{"href":"https:\/\/icom.museum\/fr\/wp-json\/wp\/v2\/media?parent=67604"}],"curies":[{"name":"wp","href":"https:\/\/api.w.org\/{rel}","templated":true}]}}